{"id":23500,"date":"2020-06-01T14:22:10","date_gmt":"2020-06-01T12:22:10","guid":{"rendered":"https:\/\/sir.kpodr.pl\/?p=23500"},"modified":"2020-06-01T14:33:40","modified_gmt":"2020-06-01T12:33:40","slug":"krajowe-dni-pola-2020-minikowo-2","status":"publish","type":"post","link":"https:\/\/sir.kpodr.pl\/index.php\/2020\/06\/01\/krajowe-dni-pola-2020-minikowo-2\/","title":{"rendered":"KRAJOWE DNI POLA 2020 Minikowo"},"content":{"rendered":"\n<p style=\"color:#26a33f\" class=\"has-text-color has-medium-font-size\"><strong>B\u0104D\u0179 RAZEM z NAMI lub \u015aLED\u0179 RELACJ\u0118 ON-LINE<\/strong><\/p>\n\n\n\n<p>JU\u017b DZI\u015a WEJD\u0179 NA STRON\u0118 Zapisz si\u0119 na wydarzenie na facebook-u <a href=\"https:\/\/www.facebook.com\/events\/657589028132610\/\"><img loading=\"lazy\" decoding=\"async\" width=\"24\" height=\"24\" class=\"wp-image-23506\" style=\"width: 24px;\" src=\"https:\/\/sir.kpodr.pl\/wp-content\/uploads\/2020\/06\/obraz.png\" alt=\"\"><\/a><\/p>\n\n\n\n<p><\/p>\n\n\n\n<p style=\"color:#26a33f\" class=\"has-text-color\"><img loading=\"lazy\" decoding=\"async\" width=\"750\" height=\"996\" class=\"wp-image-23501\" style=\"width: 750px;\" src=\"https:\/\/sir.kpodr.pl\/wp-content\/uploads\/2020\/06\/prasowa-KDP-01_06.jpg\" alt=\"\" srcset=\"https:\/\/sir.kpodr.pl\/wp-content\/uploads\/2020\/06\/prasowa-KDP-01_06.jpg 1237w, https:\/\/sir.kpodr.pl\/wp-content\/uploads\/2020\/06\/prasowa-KDP-01_06-226x300.jpg 226w, https:\/\/sir.kpodr.pl\/wp-content\/uploads\/2020\/06\/prasowa-KDP-01_06-771x1024.jpg 771w, https:\/\/sir.kpodr.pl\/wp-content\/uploads\/2020\/06\/prasowa-KDP-01_06-768x1019.jpg 768w, https:\/\/sir.kpodr.pl\/wp-content\/uploads\/2020\/06\/prasowa-KDP-01_06-1157x1536.jpg 1157w\" sizes=\"auto, (max-width: 750px) 100vw, 750px\" \/><\/p>\n","protected":false},"excerpt":{"rendered":"<p>B\u0104D\u0179 RAZEM z NAMI lub \u015aLED\u0179 RELACJ\u0118 ON-LINE JU\u017b DZI\u015a WEJD\u0179 NA STRON\u0118 Zapisz si\u0119 na wydarzenie na facebook-u<\/p>\n","protected":false},"author":2,"featured_media":23400,"comment_status":"open","ping_status":"open","sticky":false,"template":"","format":"standard","meta":{"colormag_page_container_layout":"default_layout","colormag_page_sidebar_layout":"default_layout","footnotes":""},"categories":[15],"tags":[48,46,50,23,49,47],"class_list":["post-23500","post","type-post","status-publish","format-standard","has-post-thumbnail","hentry","category-aktualnosci-2","tag-nawozenie","tag-prezentacje-polowe-rosliny-uprawne","tag-pszenica-ozima","tag-rolnictwo","tag-rzepak-ozimy","tag-uprawa-pasowa"],"_links":{"self":[{"href":"https:\/\/sir.kpodr.pl\/index.php\/wp-json\/wp\/v2\/posts\/23500","targetHints":{"allow":["GET"]}}],"collection":[{"href":"https:\/\/sir.kpodr.pl\/index.php\/wp-json\/wp\/v2\/posts"}],"about":[{"href":"https:\/\/sir.kpodr.pl\/index.php\/wp-json\/wp\/v2\/types\/post"}],"author":[{"embeddable":true,"href":"https:\/\/sir.kpodr.pl\/index.php\/wp-json\/wp\/v2\/users\/2"}],"replies":[{"embeddable":true,"href":"https:\/\/sir.kpodr.pl\/index.php\/wp-json\/wp\/v2\/comments?post=23500"}],"version-history":[{"count":7,"href":"https:\/\/sir.kpodr.pl\/index.php\/wp-json\/wp\/v2\/posts\/23500\/revisions"}],"predecessor-version":[{"id":23509,"href":"https:\/\/sir.kpodr.pl\/index.php\/wp-json\/wp\/v2\/posts\/23500\/revisions\/23509"}],"wp:featuredmedia":[{"embeddable":true,"href":"https:\/\/sir.kpodr.pl\/index.php\/wp-json\/wp\/v2\/media\/23400"}],"wp:attachment":[{"href":"https:\/\/sir.kpodr.pl\/index.php\/wp-json\/wp\/v2\/media?parent=23500"}],"wp:term":[{"taxonomy":"category","embeddable":true,"href":"https:\/\/sir.kpodr.pl\/index.php\/wp-json\/wp\/v2\/categories?post=23500"},{"taxonomy":"post_tag","embeddable":true,"href":"https:\/\/sir.kpodr.pl\/index.php\/wp-json\/wp\/v2\/tags?post=23500"}],"curies":[{"name":"wp","href":"https:\/\/api.w.org\/{rel}","templated":true}]}}