{"id":24800,"date":"2022-07-21T13:52:12","date_gmt":"2022-07-21T11:52:12","guid":{"rendered":"https:\/\/sir.kpodr.pl\/?p=24800"},"modified":"2022-07-21T13:52:12","modified_gmt":"2022-07-21T11:52:12","slug":"innowacyjne-sieciowanie-producentow-rolnych-w-ramach-klz","status":"publish","type":"post","link":"https:\/\/sir.kpodr.pl\/index.php\/2022\/07\/21\/innowacyjne-sieciowanie-producentow-rolnych-w-ramach-klz\/","title":{"rendered":"Innowacyjne sieciowanie producent\u00f3w rolnych w ramach K\u0141\u017b"},"content":{"rendered":"<p style=\"text-align: center;\"><img loading=\"lazy\" decoding=\"async\" class=\"alignnone size-full wp-image-24799\" src=\"https:\/\/sir.kpodr.pl\/wp-content\/uploads\/2022\/07\/plakat.jpg\" alt=\"\" width=\"526\" height=\"526\" srcset=\"https:\/\/sir.kpodr.pl\/wp-content\/uploads\/2022\/07\/plakat.jpg 526w, https:\/\/sir.kpodr.pl\/wp-content\/uploads\/2022\/07\/plakat-300x300.jpg 300w, https:\/\/sir.kpodr.pl\/wp-content\/uploads\/2022\/07\/plakat-150x150.jpg 150w\" sizes=\"auto, (max-width: 526px) 100vw, 526px\" \/><\/p>\n<p style=\"text-align: left;\">Ruszy\u0142a kampania w mediach spo\u0142eczno\u015bciowych na terenie wojew\u00f3dztwa kujawsko-pomorskiego.<\/p>\n<p style=\"text-align: left;\"><strong><a href=\"https:\/\/www.facebook.com\/101284654868975\/posts\/pfbid0XJPT1y63UQREjWspGYBHAgGgqpWkHhT9XfpAzMCJVL2BBCgN5WWvXTWo8Ws1knQYl\/\">https:\/\/www.facebook.com\/101284654868975\/posts\/pfbid0XJPT1y63UQREjWspGYBHAgGgqpWkHhT9XfpAzMCJVL2BBCgN5WWvXTWo8Ws1knQYl\/<\/a><\/strong><\/p>\n<p style=\"text-align: left;\">Celem operacji jest tworzenie bezpo\u015bredniej sieci kontakt\u00f3w pomi\u0119dzy lokalnymi rolnikami, wytw\u00f3rcami \u017cywno\u015bci, konsumentami oraz osobami i instytucjami oferuj\u0105cymi us\u0142ugi na rzecz rolnictwa z wykorzystaniem innowacyjnej platformy wiejskaeskrzynka.pl. Ponadto popularyzacja i wspieranie\u00a0 innowacyjnych inicjatyw z obszaru\u00a0 kr\u00f3tkich \u0142a\u0144cuch\u00f3w dostaw.<\/p>\n","protected":false},"excerpt":{"rendered":"<p>Ruszy\u0142a kampania w mediach spo\u0142eczno\u015bciowych na terenie wojew\u00f3dztwa kujawsko-pomorskiego. https:\/\/www.facebook.com\/101284654868975\/posts\/pfbid0XJPT1y63UQREjWspGYBHAgGgqpWkHhT9XfpAzMCJVL2BBCgN5WWvXTWo8Ws1knQYl\/ Celem operacji jest tworzenie bezpo\u015bredniej sieci kontakt\u00f3w pomi\u0119dzy lokalnymi rolnikami,<\/p>\n","protected":false},"author":2,"featured_media":0,"comment_status":"closed","ping_status":"closed","sticky":false,"template":"","format":"standard","meta":{"colormag_page_container_layout":"default_layout","colormag_page_sidebar_layout":"default_layout","footnotes":""},"categories":[5],"tags":[],"class_list":["post-24800","post","type-post","status-publish","format-standard","hentry","category-aktualnosci"],"_links":{"self":[{"href":"https:\/\/sir.kpodr.pl\/index.php\/wp-json\/wp\/v2\/posts\/24800","targetHints":{"allow":["GET"]}}],"collection":[{"href":"https:\/\/sir.kpodr.pl\/index.php\/wp-json\/wp\/v2\/posts"}],"about":[{"href":"https:\/\/sir.kpodr.pl\/index.php\/wp-json\/wp\/v2\/types\/post"}],"author":[{"embeddable":true,"href":"https:\/\/sir.kpodr.pl\/index.php\/wp-json\/wp\/v2\/users\/2"}],"replies":[{"embeddable":true,"href":"https:\/\/sir.kpodr.pl\/index.php\/wp-json\/wp\/v2\/comments?post=24800"}],"version-history":[{"count":1,"href":"https:\/\/sir.kpodr.pl\/index.php\/wp-json\/wp\/v2\/posts\/24800\/revisions"}],"predecessor-version":[{"id":24801,"href":"https:\/\/sir.kpodr.pl\/index.php\/wp-json\/wp\/v2\/posts\/24800\/revisions\/24801"}],"wp:attachment":[{"href":"https:\/\/sir.kpodr.pl\/index.php\/wp-json\/wp\/v2\/media?parent=24800"}],"wp:term":[{"taxonomy":"category","embeddable":true,"href":"https:\/\/sir.kpodr.pl\/index.php\/wp-json\/wp\/v2\/categories?post=24800"},{"taxonomy":"post_tag","embeddable":true,"href":"https:\/\/sir.kpodr.pl\/index.php\/wp-json\/wp\/v2\/tags?post=24800"}],"curies":[{"name":"wp","href":"https:\/\/api.w.org\/{rel}","templated":true}]}}