{"id":25269,"date":"2023-01-10T14:44:15","date_gmt":"2023-01-10T13:44:15","guid":{"rendered":"https:\/\/sir.kpodr.pl\/?p=25269"},"modified":"2023-01-10T14:44:15","modified_gmt":"2023-01-10T13:44:15","slug":"styczniowe-wydanie-biuletynu-eip-agri","status":"publish","type":"post","link":"https:\/\/sir.kpodr.pl\/index.php\/2023\/01\/10\/styczniowe-wydanie-biuletynu-eip-agri\/","title":{"rendered":"Styczniowe wydanie biuletynu EIP-AGRI"},"content":{"rendered":"<p>Zach\u0119camy do zapoznania si\u0119 ze styczniowym wydaniem biuletynu Europejskiej Sieci WPR w zakresie EIP-AGRI.<\/p>\n<p>W bie\u017c\u0105cym numerze m.in. nast\u0119puj\u0105ce informacje:<\/p>\n<ul>\n<li><strong>Zintegrowana strategia zarz\u0105dzania chorobami pnia winoro\u015bli<\/strong> \u2013 choroby pnia winoro\u015bli to szereg chor\u00f3b grzybiczych, kt\u00f3re s\u0105 obecnie uwa\u017cane za najbardziej destrukcyjny czynnik biotyczny winoro\u015bli na ca\u0142ym \u015bwiecie. Grupa operacyjna na Cyprze koncentruje si\u0119 na dzia\u0142aniach maj\u0105cych na celu rozw\u00f3j i dzielenie si\u0119 wiedz\u0105 oraz do\u015bwiadczeniami w zakresie termoterapii eliminuj\u0105cej zaka\u017cenia. Celem projektu jest poprawa efektywno\u015bci ekonomicznej, zr\u00f3wnowa\u017cenia \u015brodowiskowego i konkurencyjno\u015bci winnic na Cyprze.<\/li>\n<\/ul>\n<p>&nbsp;<\/p>\n<ul>\n<li><strong>Inteligentne rolnictwo o obiegu zamkni\u0119tym na Malcie<\/strong> \u2013 trzy sp\u00f3\u0142dzielnie na Malcie po\u0142\u0105czy\u0142y si\u0142y, aby przetwarza\u0107 sk\u0142adniki od\u017cywcze w oborniku pochodz\u0105cym z chowu zwierz\u0105t i wykorzystywa\u0107 je jako naw\u00f3z w sektorze owoc\u00f3w i warzyw.<\/li>\n<\/ul>\n<p>&nbsp;<\/p>\n<ul>\n<li><strong>M\u0142odzi przedsi\u0119biorcy i inteligentne rolnictwo o obiegu zamkni\u0119tym<\/strong> \u2013 do pobrania materia\u0142y z warsztat\u00f3w \u201eM\u0142odzi przedsi\u0119biorcy \u2013 motorem innowacji na obszarach wiejskich\u201d oraz seminarium \u201eInteligentne rolnictwo o obiegu zamkni\u0119tym rozwi\u0105zaniem problemu wysokich cen energii i nawoz\u00f3w\u201d, zorganizowanych przez Europejsk\u0105 Sie\u0107 WPR ramach EIP-AGRI.<\/li>\n<\/ul>\n<p>&nbsp;<\/p>\n<ul>\n<li><strong>Grupy operacyjne ds. bezpiecze\u0144stwa \u017cywno\u015bciowego<\/strong> \u2013 baza Grup Operacyjnych obejmuje blisko 350 projekt\u00f3w zajmuj\u0105cych si\u0119 zagadnieniami zwi\u0105zanymi ze zmianami klimatu i adaptacj\u0105 do zmian klimatu.<\/li>\n<\/ul>\n<p>&nbsp;<\/p>\n<ul>\n<li><strong>Nowe arkusze informacyjne podsumowuj\u0105ce prace Grup Fokusowych EIP-AGRI<\/strong>: zr\u00f3wnowa\u017cone metody ograniczenia stosowania pestycyd\u00f3w w produkcji owoc\u00f3w ziarnkowych i pestkowych; cyfrowe narz\u0119dzia do zr\u00f3wnowa\u017conego zarz\u0105dzania sk\u0142adnikami od\u017cywczymi; rozwi\u0105zania oparte na przyrodzie w gospodarce wodnej w warunkach zmian klimatu.<\/li>\n<\/ul>\n<p>&nbsp;<\/p>\n<ul>\n<li><strong>Porady i wskaz\u00f3wki w ramach programu \u201eHoryzont Europa\u201d<\/strong> \u2013 zapoznaj si\u0119 z poradami i wskaz\u00f3wkami, kt\u00f3re warto wykorzysta\u0107 w ramach zaproszenia do sk\u0142adania wniosk\u00f3w w ramach programu \u201eHoryzont Europa\u201d.<\/li>\n<\/ul>\n<p>&nbsp;<\/p>\n<ul>\n<li><strong>Przewodnik dotycz\u0105cy WPR dotycz\u0105cy mo\u017cliwo\u015bci finansowania w ramach programu \u201eHoryzont Europa\u201d<\/strong> \u2013 harmonogram prac programu \u201eHoryzont Europa\u201d na lata 2023\u20132024 jest ju\u017c dost\u0119pny. Obejmuje ponad 100 temat\u00f3w, kt\u00f3re s\u0105 istotne dla bada\u0144 i innowacji w rolnictwie, le\u015bnictwie i na obszarach wiejskich. Do pobrania nowa broszura na temat sieci WPR UE, kt\u00f3ra obejmuje kwestie pocz\u0105wszy od zaproszenia do sk\u0142adania wniosk\u00f3w w ramach klastra 6 programu \u201eHoryzont Europa\u201d i innych cz\u0119\u015bci programu prac, po cz\u0119\u015b\u0107 po\u015bwi\u0119con\u0105 misji UE \u201eA Soil Deal for Europe\u201d.<\/li>\n<\/ul>\n<p>&nbsp;<\/p>\n<ul>\n<li><strong>Narz\u0119dzia cyfrowe do rozwoju systemu rolno-le\u015bnego<\/strong> \u2013 projekt DigitAF ma na celu wzmocnienie agrole\u015bnictwa poprzez zastosowanie narz\u0119dzi cyfrowych, w zakresie osi\u0105gni\u0119cia cel\u00f3w klimatycznych, zr\u00f3wnowa\u017conego rozwoju rolnictwa i r\u00f3\u017cnorodno\u015bci biologicznej. Narz\u0119dzia te zapewni\u0105, \u017ce poszczeg\u00f3lne gatunki drzew b\u0119d\u0105 sadzone we w\u0142a\u015bciwym miejscu i zarz\u0105dzane we w\u0142a\u015bciwy spos\u00f3b, aby wspiera\u0107 \u0142agodzenie zmian klimatu.<\/li>\n<\/ul>\n<p>&nbsp;<\/p>\n<ul>\n<li><strong>Living Labs w celu wspierania zmian w zakresie zr\u00f3wnowa\u017conego rozwoju w spo\u0142eczno\u015bciach wiejskich<\/strong> \u2013 Projekt RUSTIK (Rural Sustainability Transitions through Integration of Knowledge for improved policy processes) ma na celu umo\u017cliwienie podmiotom i decydentom spo\u0142eczno\u015bci wiejskich opracowania lepszych strategii, inicjatyw i polityk wspieraj\u0105cych zr\u00f3wnowa\u017cone zmiany na obszarach wiejskich. \u017bywe laboratoria w 14 europejskich regionach pilota\u017cowych w 10 krajach europejskich b\u0119d\u0105 g\u0142\u00f3wnym elementem generowania nowych informacji na temat r\u00f3\u017cnorodno\u015bci obszar\u00f3w wiejskich i przemian spo\u0142ecznych.<\/li>\n<\/ul>\n<p>&nbsp;<\/p>\n<p><span style=\"color: #339966;\"><em><a style=\"color: #339966;\" href=\"https:\/\/sh1.sendinblue.com\/3i4odcp39txpfe.html?t=1673342169&amp;_x_tr_sl=en&amp;_x_tr_tl=pl&amp;_x_tr_hl=pl&amp;_x_tr_pto=wapp\">Do pobrania newsletter w oryginalnej wersji j\u0119zykowej<\/a><\/em><\/span><\/p>\n","protected":false},"excerpt":{"rendered":"<p>Zach\u0119camy do zapoznania si\u0119 ze styczniowym wydaniem biuletynu Europejskiej Sieci WPR w zakresie EIP-AGRI. W bie\u017c\u0105cym numerze m.in. nast\u0119puj\u0105ce informacje:<\/p>\n","protected":false},"author":2,"featured_media":25273,"comment_status":"closed","ping_status":"closed","sticky":false,"template":"","format":"standard","meta":{"colormag_page_container_layout":"default_layout","colormag_page_sidebar_layout":"default_layout","footnotes":""},"categories":[15],"tags":[124,125,34,120],"class_list":["post-25269","post","type-post","status-publish","format-standard","has-post-thumbnail","hentry","category-aktualnosci-2","tag-inteligentne-rolnictwo","tag-rozwoju-systemu-rolno-lesnego","tag-eip-group","tag-horyzont-europa"],"_links":{"self":[{"href":"https:\/\/sir.kpodr.pl\/index.php\/wp-json\/wp\/v2\/posts\/25269","targetHints":{"allow":["GET"]}}],"collection":[{"href":"https:\/\/sir.kpodr.pl\/index.php\/wp-json\/wp\/v2\/posts"}],"about":[{"href":"https:\/\/sir.kpodr.pl\/index.php\/wp-json\/wp\/v2\/types\/post"}],"author":[{"embeddable":true,"href":"https:\/\/sir.kpodr.pl\/index.php\/wp-json\/wp\/v2\/users\/2"}],"replies":[{"embeddable":true,"href":"https:\/\/sir.kpodr.pl\/index.php\/wp-json\/wp\/v2\/comments?post=25269"}],"version-history":[{"count":1,"href":"https:\/\/sir.kpodr.pl\/index.php\/wp-json\/wp\/v2\/posts\/25269\/revisions"}],"predecessor-version":[{"id":25274,"href":"https:\/\/sir.kpodr.pl\/index.php\/wp-json\/wp\/v2\/posts\/25269\/revisions\/25274"}],"wp:featuredmedia":[{"embeddable":true,"href":"https:\/\/sir.kpodr.pl\/index.php\/wp-json\/wp\/v2\/media\/25273"}],"wp:attachment":[{"href":"https:\/\/sir.kpodr.pl\/index.php\/wp-json\/wp\/v2\/media?parent=25269"}],"wp:term":[{"taxonomy":"category","embeddable":true,"href":"https:\/\/sir.kpodr.pl\/index.php\/wp-json\/wp\/v2\/categories?post=25269"},{"taxonomy":"post_tag","embeddable":true,"href":"https:\/\/sir.kpodr.pl\/index.php\/wp-json\/wp\/v2\/tags?post=25269"}],"curies":[{"name":"wp","href":"https:\/\/api.w.org\/{rel}","templated":true}]}}